{"id":9604,"date":"2026-09-01T13:34:30","date_gmt":"2026-09-01T13:34:30","guid":{"rendered":"https:\/\/diariealtro.it\/?p=9604"},"modified":"2026-09-01T13:35:22","modified_gmt":"2026-09-01T13:35:22","slug":"1-agosto-2026","status":"publish","type":"post","link":"https:\/\/diariealtro.it\/?p=9604","title":{"rendered":"1  agosto  2026  &#8211;  calendario  di  agosto"},"content":{"rendered":"<p>In\u00a0 realt\u00e0\u00a0 \u00a0siamo\u00a0 in\u00a0 settembre,\u00a0 ma \u00e8\u00a0 andata\u00a0 cos\u00ec<\/p>\n<p>.1 agosto 1944 \u2013 Rivolta del ghetto di Varsavia contro \u2026\u2026\u2026\u2026\u2026\u2026\u2026\u2026\u2026\u2026l\u2019occupazione tedesca.<br \/>\n.1 agosto 1990 \u2013\u00a0 L\u2019Iraq invade il Kuwait<br \/>\n.1 agosto 2014 \u2013\u00a0 Entra in vigore la Convenzione di Istambul<br \/>\n\u2026\u2026\u2026\u2026\u2026\u2026\u2026\u2026\u2026\u2026\u2026\u2026\u2026\u2026\u2026\u2026\u2026\u2026\u2026\u2026\u2026\u2026\u2026\u2026\u2026\u2026\u2026[nota 1]<br \/>\n.2 agosto \u2013 \u2026\u2026\u2026Giornata europea in memoria del genocidio \u2026\u2026\u2026\u2026\u2026\u2026\u2026\u2026\u2026\u2026del\u00a0 popolo Rom\u2026PORRAJMOS,.[nota 2]<br \/>\n.2 agosto 1980 \u2013 Strage \u00a0fascista alla stazione di Bologna\u2026<br \/>\n.3 agosto 1940 \u2013 L\u2019Italia invade la Somalia britannica<br \/>\n.4 agosto 1974 \u2013..Bomba sul treno Italicus vicino a Bologna<br \/>\n.5 agosto 1938 \u2013..Pubblicato\u00a0 in\u00a0 Italia il Manifesto della<br \/>\nrazza\u00a0\u00a0\u00a0\u00a0\u00a0\u00a0\u00a0 \u2026\u2026\u2026\u2026\u2026\u2026\u2026\u2026\u2026\u2026\u2026. [nota 3]<br \/>\n.5 agosto 1981 \u2013..Viene approvata la legge 442<br \/>\n\u2026\u2026\u2026\u2026\u2026\u2026\u2026\u2026\u2026..Abrogazione della rilevanza penale della \u2026\u2026\u2026\u2026\u2026\u2026\u2026\u2026\u2026\u2026causa\u00a0 d\u2019onore\u00a0\u00a0\u00a0\u00a0\u00a0\u00a0\u00a0\u00a0 \u2026\u2026\u2026\u2026\u2026\u2026..[nota 4]<br \/>\n.6 agosto 1945 \u2026.USA sganciano la bomba atomica su<br \/>\n\u2026\u2026\u2026\u2026\u2026\u2026\u2026\u2026\u2026\u2026.Hiroshima<br \/>\n.6 agosto 1978 \u2013..Mu0re\u00a0 papa\u00a0 Paolo VI\u00a0\u00a0 -G B\u00a0 Montini.<br \/>\n.8 agosto 1945 \u2013..USA sganciano la bomba atomica su \u00a0\u00a0\u2026\u2026\u2026\u2026\u2026\u2026\u2026\u2026\u2026\u2026.Nagasaki<br \/>\n.8 agosto 1956 \u2013..Tragedia nella miniera di Marcinelle ,,,,,,,,,,,,,,,,,,,,,,,,,,,,,,,(Belgio). .<br \/>\n10 agosto 1944-\u00a0\u00a0\u00a0 .Strage di piazzale Loreto\u00a0\u00a0\u00a0\u00a0\u00a0\u00a0\u00a0\u00a0\u00a0\u00a0\u00a0 [nota 5]<br \/>\n12 agosto 1944 \u2013 Strage nazista a Sant\u2019Anna di Stazzema<br \/>\n13 agosto 1961 \u2026..Inizia \u00a0la costruzione muro di Berlino<br \/>\n13 agosto 2021 \u2013\u00a0 Muore Gino Strada<br \/>\n14 agosto 1945 \u2013\u00a0 Resa del Giappone e fine della seconda \u2026\u2026\u2026\u2026\u2026\u2026\u2026\u2026\u2026\u2026..guerra\u00a0 mondiale<br \/>\n14 agosto 1947 \u2013 .India \u2013 Dichiarazione di indipendenza<br \/>\n14 agosto\u00a0 2018 \u2013Genova. Crollo del ponte Morandi.<br \/>\n14 agosto\u00a0 2022-\u2026Attentato a Salman Rushdie<br \/>\n15 agosto 1867 \u2013\u2026Regno d\u2019Italia \u2013<br \/>\n\u2026\u2026\u2026\u2026\u2026\u2026\u2026\u2026\u2026\u2026.Legge 15 agosto 1867, n. 3848<br \/>\n\u2026\u2026\u2026\u2026\u2026\u2026..\u2026\u2026\u2026 Legge per la liquidazione dell\u2019asse \u2026\u2026\u2026\u2026\u2026\u2026\u2026\u2026\u2026\u2026\u2026\u2026.ecclesiastico &#8230;&#8230;&#8230;&#8230;&#8230;&#8230;&#8230;[nota 6]<br \/>\n15 agosto 1917 \u2013 \u2026Nascita del vescovo Romero<br \/>\n\u2026\u2026\u2026\u2026\u2026\u2026\u2026\u2026\u2026\u2026.. (assassinato 24 .marzo 1980)<br \/>\n15 \u00a0agosto \u00a02009\u00a0\u00a0\u00a0\u00a0 Approvazione legge 94marzo 2009<br \/>\n[nota 7]<br \/>\n16 agosto 1924 \u2013 ..Ritrovamento del corpo di Giacomo<br \/>\nMatteotti (assassinato 10 giugno 1924)<br \/>\n17 agosto 1893 \u2013 ..Strage di Aigues Mortes (Francia)[nota 8]<br \/>\n17 agosto 1945 \u2013 \u2026L\u2019Indonesia si proclama indipendente dai<br \/>\nPaesi\u00a0 Bassi<br \/>\n18 agosto 1936 \u2013 \u00a0Assassinio di Federico Garcia Lorca<br \/>\n18 agosto 2015 \u2013 Assassinio di Khaled al Asaad<br \/>\n\u2026\u2026\u2026\u2026\u2026\u2026\u2026\u2026\u2026\u2026direttore del sito archeologico \u00a0di Palmira<br \/>\n19 agosto 1954 \u2013 Morte di Alcide De Gasperi<br \/>\n20 agosto 1960 \u2013 Dichiarazione di indipendenza del Senegal<br \/>\n20 agosto 2019-\u00a0 \u00a0Dimissioni governo Conte 1<br \/>\n21 agosto 1940 \u2013 Assassinio di Lev Trotsky<br \/>\n21 agosto 1964 \u2013 Morte di Palmiro Togliatti<br \/>\n21 agosto 1968 \u2013 L\u2019URSS invade la Cecoslovacchia [nota 9]<br \/>\n23 agosto 1923 \u2013 Assassinio di don Minzoni ad Argentea FE<br \/>\n23 agosto 1927 \u2013 \u00a0USA esecuzione di Sacco e Vanzetti<br \/>\n23 agosto 2023\u2026 Sinodo delle Chiese metodiste e valdesi<br \/>\n&#8230;&#8230;&#8230;&#8230;&#8230;&#8230;&#8230;&#8230;&#8230;&#8230;..Chiude 27\u00a0(Torre Pellice)\u00a0 [nota 10]<sup>+<\/sup><br \/>\n24 agosto 2004 \u2013 Assassinio di Enzo Baldoni in Iraq<br \/>\n24 agosto 2016 \u2013 Terremoto in centro Italia<br \/>\n25 agosto 1900 \u2013 Morte di Friedrich Nietzsche<br \/>\n25 agosto 1989 \u2013 Assassinio di Jerry Masslo -Villa Literno \u2026\u2026\u2026\u2026\u2026\u2026\u2026\u2026\u2026\u2026.(CE)\u00a0\u00a0\u00a0\u00a0\u00a0\u00a0\u00a0\u00a0\u00a0\u00a0\u00a0\u00a0 \u00a0\u00a0\u00a0\u00a0\u00a0\u00a0\u00a0\u00a0\u00a0\u00a0\u00a0\u00a0\u00a0\u00a0\u00a0\u00a0\u00a0\u00a0\u00a0\u00a0\u00a0\u00a0\u00a0\u00a0\u00a0\u00a0\u00a0\u00a0\u00a0.[nota 11-]<br \/>\n26 agosto 1789 \u2013 Francia: Dichiarazione dei diritti dell\u2019uomo<br \/>\n\u2026\u2026\u2026\u2026\u2026\u2026\u2026\u2026\u2026\u2026.e del cittadino<br \/>\n26 agosto 1978 \u2013 Elezione di papa Luciani (Giovanni P. I)]<br \/>\n27 agosto 1999 \u2013 Morte di Helder Camara Brasile.[Nota 12 ]<br \/>\n27 agosto\u00a0 2026\u00a0 Morte\u00a0 di Ratko\u00a0 Mladic,\u00a0 boia\u00a0 di Srebrenica<br \/>\n\u2026\u2026\u2026\u2026\u2026\u2026\u2026\u2026\u2026\u2026\u2026\u2026\u2026\u2026\u2026\u2026\u2026\u2026\u2026\u2026\u2026\u2026\u2026\u2026\u2026\u2026\u2026.[Nota 13]<br \/>\n28 agosto 1963 \u2013 Martin Luther King guida la marcia su<br \/>\n\u2026\u2026\u2026\u2026\u2026\u2026\u2026\u2026\u2026\u2026..Washington per i diritti civili.<br \/>\n29 agosto 1991 \u2013 La mafia uccide l\u2019imprenditore Libero<br \/>\n\u2026\u2026\u2026\u2026\u2026\u2026\u2026\u2026\u2026. Grassi a\u00a0 .Palermo<br \/>\n30 agosto 2022_ Morte di Mikhail Gorbaciov, ultimo<br \/>\n\u2026\u2026\u2026\u2026\u2026\u2026.\u2026\u2026\u2026\u2026\u2026\u2026.\u2026\u2026\u2026\u2026\u2026\u2026\u2026\u2026presidente dell\u2019URSS<br \/>\n31 agosto 1994 \u2013 Irlanda l\u2019IRA dichiara la cessazione di tutte<br \/>\n\u2026\u2026\u2026\u2026\u2026\u2026\u2026\u2026\u2026\u2026&#8230; le operazioni militari<br \/>\n31 agosto 2023 _ Muoiono 5 operai, travolti dal treno a<br \/>\n&#8212;&#8212;&#8212;&#8212;&#8212;&#8212;&#8212;-Brandizzo (TO)<\/p>\n<p>NOTE:<br \/>\n[nota 1] Convenzione di Istanbul \u2013 contenuti\u00a0 da aggiornare<br \/>\n<a href=\"https:\/\/www.senato.it\/japp\/bgt\/showdoc\/17\/DOSSIER\/0\/750635\/index.html?part=dossier_dossier1-sezione_sezione2-h2_h22\">https:\/\/www.senato.it\/japp\/bgt\/showdoc\/17\/DOSSIER\/0\/750635\/index.html?part=dossier_dossier1-sezione_sezione2-h2_h22<\/a><\/p>\n<p>[nota 2]<br \/>\nPorajmos o Porrajmos (pronuncia italiana: por\u00e0imos; in roman\u00ed: [p\u02b0o\u027dai\u032f\u02c8mos]; traducibile come \u201cgrande divoramento\u201d o \u201cdevastazione\u201d) \u00e8 il termine con cui Rom e Sinti indicano lo sterminio del proprio popolo perpetrato da parte dei nazisti durante la seconda guerra mondiale.<\/p>\n<p>[nota 3] Manifesto della razza:<br \/>\n<a href=\"http:\/\/www.ansa.it\/canale_lifestyle\/notizie\/societa_diritti\/2018\/07\/14\/il-manifesto-della-razza-ecco-il-testo-per-non-dimenticare-80-anni-dopo_94f44111-b55a-4545-93cd-05c829211a4e.html\">http:\/\/www.ansa.it\/canale_lifestyle\/notizie\/societa_diritti\/2018\/07\/14\/il-manifesto-della-razza-ecco-il-testo-per-non-dimenticare-80-anni-dopo_94f44111-b55a-4545-93cd-05c829211a4e.html<\/a><\/p>\n<p>[nota 4] \u00a0Alla fine del 1965 venne rapita una ragazza di Alcamo, Franca Viola.<br \/>\nFu la prima donna in Italia a rifiutare il matrimonio riparatore.<br \/>\nInizi\u00f2 cos\u00ec il lungo processo che port\u00f2, il 5 agosto 1981 alla approvazione della legge \u00a0442 \u00a0che cancellava dal codice penale italiano il delitto d\u2019onore e il matrimonio riparatore.<br \/>\nPer arrivare a riconoscere lo stupro reato contro la persona dovettero passare ancora parecchi anni e solo con la legge n. 66 del 15 febbraio 1996, \u201cNorme contro la violenza sessuale\u201d, si afferm\u00f2 il principio per cui lo stupro \u00e8 un crimine contro la persona, che viene coartata nella sua libert\u00e0 sessuale, e non contro la morale pubblica.<\/p>\n<p>[nota 5]<br \/>\nStrage piazzale Loreto<br \/>\nMilano, 10 agosto 2025 <strong>Milano non dimentica:<\/strong>\u00a0questa mattina, alle 9.30,<strong>in piazzale Loreto, <\/strong>presso la stele dedicata ai\u00a0<strong>15 martiri,\u00a0<\/strong>\u00e8 iniziata la<strong>\u00a0commemorazione dei partigiani<\/strong>\u00a0prelevati dal carcere di San Vittore e\u00a0<strong>fucilati\u00a0<\/strong>all&#8217;alba del 10 agosto 1944 da un plotone della Legione Muti, per ordine del\u00a0<strong>comando nazista.\u00a0<\/strong>Partecipa l\u2019assessora al Decentramento e Servizi civici Gaia Romani, insieme a istituzioni e cittadini. L\u2019evento rappresenta un\u00a0<strong>momento di riflessione e memoria,<\/strong>\u00a0fondamentale per non dimenticare il sacrificio di chi ha lottato per la libert\u00e0. <a href=\"https:\/\/www.comune.cinisello-balsamo.mi.it\/spip.php?article17994\">Sito ufficiale del Comune di Cinisello Balsamo &#8211; 10 agosto 1944 &#8211; Piazzale Loreto<\/a><\/p>\n<p>[nota\u00a0 6]<br \/>\nLegge per la liquidazione dell\u2019asse ecclesiastico<br \/>\nLocuzione adoperata per indicare i beni degli enti ecclesiastici nella legislazione eversiva delle propriet\u00e0 ecclesiastiche, dal 1855 (anno della legge. piemontese 878, con la quale ebbero inizio le soppressioni), al 1929 (Concordato lateranense), di cui \u00e8 fondamentale la l. 3096\/7 luglio 1866.<br \/>\nPer approfondire link all\u2019articolo di A.C.Jemolo (1929)<br \/>\n<a href=\"https:\/\/treccani.it\/enciclopedia\/asse-ecclesiastico_(Enciclopedia-Italiana)\">https:\/\/treccani.it\/enciclopedia\/asse-ecclesiastico_(Enciclopedia-Italiana)<\/a><\/p>\n<p>[nota 7]<br \/>\nE\u2019\u00a0 la legge 94\/2009 \u00a0che in una indecente ammucchiata eterogenea ha inserito l\u2019articolo 1 comma 22 lettera G \u00a0che con un\u2019abile discriminazione indiretta \u00a0ostacola la registrazione nei registri di stato civile dei figli degli immigrati non comunitari irregolari.<\/p>\n<p>[nota 8]<br \/>\n17 agosto 1893 dieci operai italiani delle saline vennero uccisi a Aigues-Mortes, in Camargue, perch\u00e9 si era diffusa la falsa notizia che avevano ucciso quattro \u00a0francesi.<br \/>\nL\u2019odio per gli emigrati italiani che \u201crubavano il lavoro\u201d scaten\u00f2 il massacro e cos\u00ec un paese intero si scaten\u00f2 contro gli operai italiani.<\/p>\n<p>[nota 9]<br \/>\nIl 21 agosto del 1968 le truppe del Patto di Varsavia entrarono nella Cecoslovacchia per soffocare la stagione della Primavera di Praga che era iniziata\u00a0 5 gennaio 1968, quando il riformista slovacco Alexander Dub\u010dek sal\u00ec al potere, proseguendo fino al 20 agosto dello stesso anno, quando un corpo di spedizione dell\u2019Unione Sovietica e degli alleati del Patto di Varsavia (ad eccezione della Romania) invase il paese.<\/p>\n<p>[nota 10]\u00a0\u00a0 Sinodo valdese 2024, festeggiamenti per gli 850 anni del movimento di Valdo di Lione.<br \/>\nIl sinodo delle Chiese metodiste e valdesi\u00a0si terr\u00e0 a Torre Pellice (To) dal 23 al 27 agosto 2025. Questa edizione sar\u00e0 particolarmente significativa perch\u00e9 celebrer\u00e0 i 50 anni del\u00a0<a href=\"https:\/\/www.google.com\/search?sca_esv=b0c8a5b5dae9aa98&amp;cs=0&amp;sxsrf=AE3TifOoHr4AJ2UG8_wzVJfhPxT_SxDy-g:1754320307440&amp;q=patto+di+integrazione+del+1975&amp;sa=X&amp;ved=2ahUKEwj_6d-1uPGOAxW99AIHHX5eIgUQxccNegQIAxAC\">patto di integrazione del 1975<\/a>\u00a0che ha unito le due chiese,\u00a0<a href=\"https:\/\/www.adista.it\/articolo\/74150\">secondo Adista News<\/a>.\u00a0I lavori sinodali affronteranno temi come la pace, la giustizia sociale, l&#8217;ambiente, l&#8217;ecumenismo, il lavoro, la tutela dei fragili, i diritti umani, le donne e i giovani, secondo Adista News.\u00a0Sono previste anche rappresentanze ecclesiastiche internazionali.<\/p>\n<p>[nota 10]\u00a0 Jerry \u00a0Masslo <a href=\"https:\/\/it.wikipedia.org\/wiki\/Jerry_Essan_Masslo\">https:\/\/it.wikipedia.org\/wiki\/Jerry_Essan_Masslo<\/a><\/p>\n<p>[nota \u00a012]<br \/>\n<a href=\"https:\/\/it.wikipedia.org\/wiki\/H%C3%A9lder_Pessoa_C%C3%A2mara\">https:\/\/it.wikipedia.org\/wiki\/H%C3%A9lder_Pessoa_C%C<\/a><\/p>\n","protected":false},"excerpt":{"rendered":"<p>In\u00a0 realt\u00e0\u00a0 \u00a0siamo\u00a0 in\u00a0 settembre,\u00a0 ma \u00e8\u00a0 andata\u00a0 cos\u00ec .1 agosto 1944 \u2013 Rivolta del ghetto di Varsavia contro \u2026\u2026\u2026\u2026\u2026\u2026\u2026\u2026\u2026\u2026l\u2019occupazione tedesca. .1 agosto 1990 \u2013\u00a0 L\u2019Iraq invade il Kuwait .1 agosto 2014 \u2013\u00a0 Entra in vigore la Convenzione di Istambul \u2026\u2026\u2026\u2026\u2026\u2026\u2026\u2026\u2026\u2026\u2026\u2026\u2026\u2026\u2026\u2026\u2026\u2026\u2026\u2026\u2026\u2026\u2026\u2026\u2026\u2026\u2026[nota 1] .2 agosto \u2013 \u2026\u2026\u2026Giornata europea in memoria del&nbsp; <a href=\"https:\/\/diariealtro.it\/?p=9604\" title=\"Read more 1  agosto  2026  &#8211;  calendario  di  agosto\">Read more &raquo;<\/a><\/p>\n","protected":false},"author":1,"featured_media":0,"comment_status":"closed","ping_status":"closed","sticky":false,"template":"","format":"standard","meta":{"footnotes":""},"categories":[4],"tags":[],"class_list":["post-9604","post","type-post","status-publish","format-standard","hentry","category-calendari"],"_links":{"self":[{"href":"https:\/\/diariealtro.it\/index.php?rest_route=\/wp\/v2\/posts\/9604","targetHints":{"allow":["GET"]}}],"collection":[{"href":"https:\/\/diariealtro.it\/index.php?rest_route=\/wp\/v2\/posts"}],"about":[{"href":"https:\/\/diariealtro.it\/index.php?rest_route=\/wp\/v2\/types\/post"}],"author":[{"embeddable":true,"href":"https:\/\/diariealtro.it\/index.php?rest_route=\/wp\/v2\/users\/1"}],"replies":[{"embeddable":true,"href":"https:\/\/diariealtro.it\/index.php?rest_route=%2Fwp%2Fv2%2Fcomments&post=9604"}],"version-history":[{"count":2,"href":"https:\/\/diariealtro.it\/index.php?rest_route=\/wp\/v2\/posts\/9604\/revisions"}],"predecessor-version":[{"id":9606,"href":"https:\/\/diariealtro.it\/index.php?rest_route=\/wp\/v2\/posts\/9604\/revisions\/9606"}],"wp:attachment":[{"href":"https:\/\/diariealtro.it\/index.php?rest_route=%2Fwp%2Fv2%2Fmedia&parent=9604"}],"wp:term":[{"taxonomy":"category","embeddable":true,"href":"https:\/\/diariealtro.it\/index.php?rest_route=%2Fwp%2Fv2%2Fcategories&post=9604"},{"taxonomy":"post_tag","embeddable":true,"href":"https:\/\/diariealtro.it\/index.php?rest_route=%2Fwp%2Fv2%2Ftags&post=9604"}],"curies":[{"name":"wp","href":"https:\/\/api.w.org\/{rel}","templated":true}]}}